{"id":6146,"date":"2025-12-10T11:58:53","date_gmt":"2025-12-10T11:58:53","guid":{"rendered":"https:\/\/aebemposta.com\/?p=6146"},"modified":"2025-12-10T11:58:53","modified_gmt":"2025-12-10T11:58:53","slug":"premio-municipal-do-voluntariado-distingue-o-aeb-como-escola-voluntaria-2025","status":"publish","type":"post","link":"https:\/\/aebemposta.com\/?p=6146","title":{"rendered":"Pr\u00e9mio Municipal do Voluntariado distingue o AEB como Escola Volunt\u00e1ria 2025"},"content":{"rendered":"<p>No Dia Internacional do Voluntariado, 5 de dezembro, o Agrupamento de Escolas da Bemposta foi distinguido com o\u00a0<strong>Pr\u00e9mio Municipal do Voluntariado \u2013 Escola Volunt\u00e1ria 2025<\/strong>, categoria estreada nesta VI edi\u00e7\u00e3o para reconhecer projetos educativos que promovem a\u00a0<strong>participa\u00e7\u00e3o c\u00edvica, a solidariedade, a inclus\u00e3o e a inova\u00e7\u00e3o<\/strong>\u00a0<strong>pedag\u00f3gica\u00a0<\/strong>em Portim\u00e3o.<\/p>\n<p>O AEB alcan\u00e7ou esta distin\u00e7\u00e3o com o\u00a0\u00a0<strong>Projeto vencedor:<\/strong>\u00a0<strong>\u201cVamos Fazer Florescer a Nossa Escola!\u201d<\/strong>, que integra aprendizagem, sustentabilidade, tecnologias e cidadania, envolvendo \u00e1reas\u00a0STEAM (Ci\u00eancias, Tecnologias\u00a0 e Artes) e Humanidades, num trabalho colaborativo com toda a comunidade escolar.<\/p>\n<p>O pr\u00e9mio foi entregue pelo Presidente da C\u00e2mara Municipal de Portim\u00e3o e inclui:<br \/>\n<strong>Pr\u00e9mio:<\/strong>\u00a04500\u20ac<br \/>\n<strong>Distin\u00e7\u00e3o:<\/strong>\u00a0Selo oficial \u201cEscola Volunt\u00e1ria 2025\u201d<\/p>\n<p>Esta distin\u00e7\u00e3o refor\u00e7a o compromisso do Agrupamento com uma escola\u00a0<strong>inovadora, inclusiva, participativa e ambientalmente respons\u00e1vel<\/strong>, valorizando o contributo de alunos, docentes, assistentes t\u00e9cnicos e operacionais, fam\u00edlias e parceiros.<\/p>\n<p>O Agrupamento agradece a todos que tornam este projeto poss\u00edvel e renova o compromisso de continuar a fazer florescer uma escola aberta \u00e0 comunidade e orientada para o futuro.<\/p>\n<p>Formul\u00e1rio de Apoio ao Projeto \u201cVamos Fazer Florescer a Nossa Escola!\u201d<br \/>\n<a href=\"https:\/\/forms.gle\/uE3z6UybyYtn9bEC8\">https:\/\/forms.gle\/uE3z6UybyYtn9bEC8<\/a><\/p>\n<p style=\"text-align: center;\"><img loading=\"lazy\" decoding=\"async\" class=\"aligncenter size-full wp-image-6147\" src=\"https:\/\/aebemposta.com\/wp-content\/uploads\/2025\/12\/escola-virtual.png\" alt=\"\" width=\"283\" height=\"286\" \/><\/p>\n<p style=\"text-align: center;\">A Dire\u00e7\u00e3o<\/p>\n","protected":false},"excerpt":{"rendered":"<p>No Dia Internacional do Voluntariado, 5 de dezembro, o Agrupamento de Escolas da Bemposta foi distinguido com o\u00a0Pr\u00e9mio Municipal do Voluntariado \u2013 Escola Volunt\u00e1ria 2025, categoria estreada nesta VI edi\u00e7\u00e3o para reconhecer projetos educativos que promovem a\u00a0participa\u00e7\u00e3o c\u00edvica, a solidariedade, a inclus\u00e3o e a inova\u00e7\u00e3o\u00a0pedag\u00f3gica\u00a0em Portim\u00e3o. O AEB alcan\u00e7ou esta distin\u00e7\u00e3o com o\u00a0\u00a0Projeto vencedor:\u00a0\u201cVamos Fazer &#8230; <a title=\"Pr\u00e9mio Municipal do Voluntariado distingue o AEB como Escola Volunt\u00e1ria 2025\" class=\"read-more\" href=\"https:\/\/aebemposta.com\/?p=6146\" aria-label=\"Leia mais sobre Pr\u00e9mio Municipal do Voluntariado distingue o AEB como Escola Volunt\u00e1ria 2025\">Ler mais<\/a><\/p>\n","protected":false},"author":3,"featured_media":0,"comment_status":"closed","ping_status":"open","sticky":false,"template":"","format":"image","meta":{"inline_featured_image":false,"_uag_custom_page_level_css":"","footnotes":""},"categories":[21],"tags":[],"class_list":["post-6146","post","type-post","status-publish","format-image","hentry","category-informacoes","post_format-post-format-image"],"uagb_featured_image_src":{"full":false,"thumbnail":false,"medium":false,"medium_large":false,"large":false,"1536x1536":false,"2048x2048":false},"uagb_author_info":{"display_name":"Agrupamento de Escolas da Bemposta","author_link":"https:\/\/aebemposta.com\/?author=3"},"uagb_comment_info":0,"uagb_excerpt":"No Dia Internacional do Voluntariado, 5 de dezembro, o Agrupamento de Escolas da Bemposta foi distinguido com o\u00a0Pr\u00e9mio Municipal do Voluntariado \u2013 Escola Volunt\u00e1ria 2025, categoria estreada nesta VI edi\u00e7\u00e3o para reconhecer projetos educativos que promovem a\u00a0participa\u00e7\u00e3o c\u00edvica, a solidariedade, a inclus\u00e3o e a inova\u00e7\u00e3o\u00a0pedag\u00f3gica\u00a0em Portim\u00e3o. O AEB alcan\u00e7ou esta distin\u00e7\u00e3o com o\u00a0\u00a0Projeto vencedor:\u00a0\u201cVamos Fazer&hellip;","_links":{"self":[{"href":"https:\/\/aebemposta.com\/index.php?rest_route=\/wp\/v2\/posts\/6146","targetHints":{"allow":["GET"]}}],"collection":[{"href":"https:\/\/aebemposta.com\/index.php?rest_route=\/wp\/v2\/posts"}],"about":[{"href":"https:\/\/aebemposta.com\/index.php?rest_route=\/wp\/v2\/types\/post"}],"author":[{"embeddable":true,"href":"https:\/\/aebemposta.com\/index.php?rest_route=\/wp\/v2\/users\/3"}],"replies":[{"embeddable":true,"href":"https:\/\/aebemposta.com\/index.php?rest_route=%2Fwp%2Fv2%2Fcomments&post=6146"}],"version-history":[{"count":1,"href":"https:\/\/aebemposta.com\/index.php?rest_route=\/wp\/v2\/posts\/6146\/revisions"}],"predecessor-version":[{"id":6148,"href":"https:\/\/aebemposta.com\/index.php?rest_route=\/wp\/v2\/posts\/6146\/revisions\/6148"}],"wp:attachment":[{"href":"https:\/\/aebemposta.com\/index.php?rest_route=%2Fwp%2Fv2%2Fmedia&parent=6146"}],"wp:term":[{"taxonomy":"category","embeddable":true,"href":"https:\/\/aebemposta.com\/index.php?rest_route=%2Fwp%2Fv2%2Fcategories&post=6146"},{"taxonomy":"post_tag","embeddable":true,"href":"https:\/\/aebemposta.com\/index.php?rest_route=%2Fwp%2Fv2%2Ftags&post=6146"}],"curies":[{"name":"wp","href":"https:\/\/api.w.org\/{rel}","templated":true}]}}