{"id":5834,"date":"2025-09-01T08:13:48","date_gmt":"2025-09-01T08:13:48","guid":{"rendered":"https:\/\/aebemposta.com\/?p=5834"},"modified":"2025-09-01T08:13:48","modified_gmt":"2025-09-01T08:13:48","slug":"ativacao-dos-cartoes-de-aluno-ano-letivo-2025-2026","status":"publish","type":"post","link":"https:\/\/aebemposta.com\/?p=5834","title":{"rendered":"Ativa\u00e7\u00e3o dos Cart\u00f5es de Aluno \u2013 Ano Letivo 2025\/2026"},"content":{"rendered":"<p>Informamos que, devido \u00e0 implementa\u00e7\u00e3o de um novo Programa de Gest\u00e3o de Alunos, <strong>todos os cart\u00f5es escolares devem ser ativados antes do in\u00edcio do ano letivo<\/strong>, para garantir o seu pleno funcionamento.<\/p>\n<p><strong>Solicita-se aos pais\/encarregados de educa\u00e7\u00e3o<\/strong> <strong>dos alunos que j\u00e1 frequentam o nosso Agrupamento<\/strong> que procedam \u00e0 ativa\u00e7\u00e3o dos cart\u00f5es dos seus educandos, <strong>entre os dias 2 e 12 de setembro<\/strong>, dirigindo-se \u00e0 papelaria da escola frequentada pelo aluno:<\/p>\n<ul>\n<li>EBS da Bemposta<\/li>\n<li>EB D. Jo\u00e3o II<\/li>\n<li>EB Jos\u00e9 Sobral<\/li>\n<\/ul>\n<p>A ativa\u00e7\u00e3o \u00e9 essencial para o correto funcionamento dos servi\u00e7os escolares (acesso, refei\u00e7\u00f5es,&#8230;) logo desde o primeiro dia de aulas.<\/p>\n<p>Agradecemos a Vossa colabora\u00e7\u00e3o!<\/p>\n<p style=\"text-align: right;\"><strong>A Diretora<\/strong><\/p>\n<p style=\"text-align: right;\">Sandra Tenil<\/p>\n","protected":false},"excerpt":{"rendered":"<p>Informamos que, devido \u00e0 implementa\u00e7\u00e3o de um novo Programa de Gest\u00e3o de Alunos, todos os cart\u00f5es escolares devem ser ativados antes do in\u00edcio do ano letivo, para garantir o seu pleno funcionamento. Solicita-se aos pais\/encarregados de educa\u00e7\u00e3o dos alunos que j\u00e1 frequentam o nosso Agrupamento que procedam \u00e0 ativa\u00e7\u00e3o dos cart\u00f5es dos seus educandos, entre &#8230; <a title=\"Ativa\u00e7\u00e3o dos Cart\u00f5es de Aluno \u2013 Ano Letivo 2025\/2026\" class=\"read-more\" href=\"https:\/\/aebemposta.com\/?p=5834\" aria-label=\"Leia mais sobre Ativa\u00e7\u00e3o dos Cart\u00f5es de Aluno \u2013 Ano Letivo 2025\/2026\">Ler mais<\/a><\/p>\n","protected":false},"author":3,"featured_media":0,"comment_status":"closed","ping_status":"open","sticky":false,"template":"","format":"image","meta":{"inline_featured_image":false,"_uag_custom_page_level_css":"","footnotes":""},"categories":[21],"tags":[],"class_list":["post-5834","post","type-post","status-publish","format-image","hentry","category-informacoes","post_format-post-format-image"],"uagb_featured_image_src":{"full":false,"thumbnail":false,"medium":false,"medium_large":false,"large":false,"1536x1536":false,"2048x2048":false},"uagb_author_info":{"display_name":"Agrupamento de Escolas da Bemposta","author_link":"https:\/\/aebemposta.com\/?author=3"},"uagb_comment_info":0,"uagb_excerpt":"Informamos que, devido \u00e0 implementa\u00e7\u00e3o de um novo Programa de Gest\u00e3o de Alunos, todos os cart\u00f5es escolares devem ser ativados antes do in\u00edcio do ano letivo, para garantir o seu pleno funcionamento. Solicita-se aos pais\/encarregados de educa\u00e7\u00e3o dos alunos que j\u00e1 frequentam o nosso Agrupamento que procedam \u00e0 ativa\u00e7\u00e3o dos cart\u00f5es dos seus educandos, entre&hellip;","_links":{"self":[{"href":"https:\/\/aebemposta.com\/index.php?rest_route=\/wp\/v2\/posts\/5834","targetHints":{"allow":["GET"]}}],"collection":[{"href":"https:\/\/aebemposta.com\/index.php?rest_route=\/wp\/v2\/posts"}],"about":[{"href":"https:\/\/aebemposta.com\/index.php?rest_route=\/wp\/v2\/types\/post"}],"author":[{"embeddable":true,"href":"https:\/\/aebemposta.com\/index.php?rest_route=\/wp\/v2\/users\/3"}],"replies":[{"embeddable":true,"href":"https:\/\/aebemposta.com\/index.php?rest_route=%2Fwp%2Fv2%2Fcomments&post=5834"}],"version-history":[{"count":1,"href":"https:\/\/aebemposta.com\/index.php?rest_route=\/wp\/v2\/posts\/5834\/revisions"}],"predecessor-version":[{"id":5835,"href":"https:\/\/aebemposta.com\/index.php?rest_route=\/wp\/v2\/posts\/5834\/revisions\/5835"}],"wp:attachment":[{"href":"https:\/\/aebemposta.com\/index.php?rest_route=%2Fwp%2Fv2%2Fmedia&parent=5834"}],"wp:term":[{"taxonomy":"category","embeddable":true,"href":"https:\/\/aebemposta.com\/index.php?rest_route=%2Fwp%2Fv2%2Fcategories&post=5834"},{"taxonomy":"post_tag","embeddable":true,"href":"https:\/\/aebemposta.com\/index.php?rest_route=%2Fwp%2Fv2%2Ftags&post=5834"}],"curies":[{"name":"wp","href":"https:\/\/api.w.org\/{rel}","templated":true}]}}