{"id":5825,"date":"2025-08-29T18:51:30","date_gmt":"2025-08-29T18:51:30","guid":{"rendered":"https:\/\/aebemposta.com\/?p=5825"},"modified":"2025-09-01T09:07:30","modified_gmt":"2025-09-01T09:07:30","slug":"concurso-de-docentes-do-ensino-artistico-especializado-da-musica-e-da-danca-8","status":"publish","type":"post","link":"https:\/\/aebemposta.com\/?p=5825","title":{"rendered":"Concurso de Docentes do Ensino Art\u00edstico Especializado da M\u00fasica e da Dan\u00e7a"},"content":{"rendered":"<p><strong>Lista de Admitidos\/Exclu\u00eddos &#8211; Prova Pr\u00e1tica de Aptid\u00e3o T\u00e9cnica e Pedag\u00f3gica &#8211;<\/strong> <a href=\"https:\/\/aebemposta.com\/wp-content\/uploads\/2025\/09\/Lista-Admitidos-Prova-Aptida\u0303o.xlsx-Folha1-1_signed.pdf\">Visualizar<\/a><\/p>\n<p><strong>Calend\u00e1rio das Provas Pr\u00e1ticas de Aptid\u00e3o T\u00e9cnica Pedag\u00f3gica \/Entrevista<\/strong><\/p>\n<p>1 de Setembro &#8211; <a href=\"https:\/\/aebemposta.com\/wp-content\/uploads\/2025\/08\/Provas-Agendamento.xlsx-Segunda_signed.pdf\" target=\"_blank\" rel=\"noopener\">Visualizar<\/a><\/p>\n<p>2 de Setembro &#8211; <a href=\"https:\/\/aebemposta.com\/wp-content\/uploads\/2025\/08\/Provas-Agendamento.xlsx-Terca_signed.pdf\" target=\"_blank\" rel=\"noopener\">Visualizar<\/a><\/p>\n<p><em>As Provas realizam-se conforme o calend\u00e1rio, no audit\u00f3rio da EBS Bemposta dias 1 e 2 de setembro.<\/em><\/p>\n","protected":false},"excerpt":{"rendered":"<p>Lista de Admitidos\/Exclu\u00eddos &#8211; Prova Pr\u00e1tica de Aptid\u00e3o T\u00e9cnica e Pedag\u00f3gica &#8211; Visualizar Calend\u00e1rio das Provas Pr\u00e1ticas de Aptid\u00e3o T\u00e9cnica Pedag\u00f3gica \/Entrevista 1 de Setembro &#8211; Visualizar 2 de Setembro &#8211; Visualizar As Provas realizam-se conforme o calend\u00e1rio, no audit\u00f3rio da EBS Bemposta dias 1 e 2 de setembro.<\/p>\n","protected":false},"author":3,"featured_media":0,"comment_status":"closed","ping_status":"open","sticky":false,"template":"","format":"image","meta":{"inline_featured_image":false,"_uag_custom_page_level_css":"","footnotes":""},"categories":[10],"tags":[],"class_list":["post-5825","post","type-post","status-publish","format-image","hentry","category-concursos-docentes","post_format-post-format-image"],"uagb_featured_image_src":{"full":false,"thumbnail":false,"medium":false,"medium_large":false,"large":false,"1536x1536":false,"2048x2048":false},"uagb_author_info":{"display_name":"Agrupamento de Escolas da Bemposta","author_link":"https:\/\/aebemposta.com\/?author=3"},"uagb_comment_info":0,"uagb_excerpt":"Lista de Admitidos\/Exclu\u00eddos &#8211; Prova Pr\u00e1tica de Aptid\u00e3o T\u00e9cnica e Pedag\u00f3gica &#8211; Visualizar Calend\u00e1rio das Provas Pr\u00e1ticas de Aptid\u00e3o T\u00e9cnica Pedag\u00f3gica \/Entrevista 1 de Setembro &#8211; Visualizar 2 de Setembro &#8211; Visualizar As Provas realizam-se conforme o calend\u00e1rio, no audit\u00f3rio da EBS Bemposta dias 1 e 2 de setembro.","_links":{"self":[{"href":"https:\/\/aebemposta.com\/index.php?rest_route=\/wp\/v2\/posts\/5825","targetHints":{"allow":["GET"]}}],"collection":[{"href":"https:\/\/aebemposta.com\/index.php?rest_route=\/wp\/v2\/posts"}],"about":[{"href":"https:\/\/aebemposta.com\/index.php?rest_route=\/wp\/v2\/types\/post"}],"author":[{"embeddable":true,"href":"https:\/\/aebemposta.com\/index.php?rest_route=\/wp\/v2\/users\/3"}],"replies":[{"embeddable":true,"href":"https:\/\/aebemposta.com\/index.php?rest_route=%2Fwp%2Fv2%2Fcomments&post=5825"}],"version-history":[{"count":3,"href":"https:\/\/aebemposta.com\/index.php?rest_route=\/wp\/v2\/posts\/5825\/revisions"}],"predecessor-version":[{"id":5837,"href":"https:\/\/aebemposta.com\/index.php?rest_route=\/wp\/v2\/posts\/5825\/revisions\/5837"}],"wp:attachment":[{"href":"https:\/\/aebemposta.com\/index.php?rest_route=%2Fwp%2Fv2%2Fmedia&parent=5825"}],"wp:term":[{"taxonomy":"category","embeddable":true,"href":"https:\/\/aebemposta.com\/index.php?rest_route=%2Fwp%2Fv2%2Fcategories&post=5825"},{"taxonomy":"post_tag","embeddable":true,"href":"https:\/\/aebemposta.com\/index.php?rest_route=%2Fwp%2Fv2%2Ftags&post=5825"}],"curies":[{"name":"wp","href":"https:\/\/api.w.org\/{rel}","templated":true}]}}