{"id":5807,"date":"2025-08-27T21:02:08","date_gmt":"2025-08-27T21:02:08","guid":{"rendered":"https:\/\/aebemposta.com\/?p=5807"},"modified":"2025-08-27T21:02:08","modified_gmt":"2025-08-27T21:02:08","slug":"contratacao-de-escola-2025-2026","status":"publish","type":"post","link":"https:\/\/aebemposta.com\/?p=5807","title":{"rendered":"Contrata\u00e7\u00e3o de Escola 2025\/2026"},"content":{"rendered":"<p>Nos termos da lei, na reda\u00e7\u00e3o em vigor, e demais legisla\u00e7\u00e3o aplic\u00e1vel, torna-se publico que est\u00e3o abertos os seguintes concursos de contrata\u00e7\u00e3o de escola para suprir necessidades nos grupos de recrutamento indicados:<\/p>\n<div class=\"gmail_default\">Hor\u00e1rio 33 &#8211; Grupo 420 &#8211; <a href=\"https:\/\/aebemposta.com\/wp-content\/uploads\/2025\/08\/Aviso_abertura_grupo420_25_26.pdf\">Aviso de Abertura<\/a><\/div>\n<div class=\"gmail_default\">Hor\u00e1rio 32 &#8211; Grupo 400 &#8211; <a href=\"https:\/\/aebemposta.com\/wp-content\/uploads\/2025\/08\/Aviso_abertura_Grupo400_H32_25_26.pdf\">Aviso de Abertura<\/a><\/div>\n<div class=\"gmail_default\">Hor\u00e1rio 31 &#8211; Grupo 400 &#8211; <a href=\"https:\/\/aebemposta.com\/wp-content\/uploads\/2025\/08\/Aviso_abertura_Grupo_400_H31_25_26.pdf\">Aviso de Abertura<\/a><\/div>\n<div class=\"gmail_default\">Hor\u00e1rio 29 &#8211; Grupo 330 &#8211; <a href=\"https:\/\/aebemposta.com\/wp-content\/uploads\/2025\/08\/Aviso_abertura_Grupo330_25_26.docx.pdf\">Aviso de Abertura<\/a><\/div>\n<div class=\"gmail_default\">Hor\u00e1rio 28 &#8211; Grupo 300 &#8211; <a href=\"https:\/\/aebemposta.com\/wp-content\/uploads\/2025\/08\/Aviso_abertura_Grupo300_25_26.pdf\">Aviso de Abertura<\/a><\/div>\n<div class=\"gmail_default\">Hor\u00e1rio 26 &#8211; Grupo 220 &#8211; <a href=\"https:\/\/aebemposta.com\/wp-content\/uploads\/2025\/08\/Aviso_abertura_Grupo_220_25_26.pdf\">Aviso de Abertura<\/a><\/div>\n<div class=\"gmail_default\">Hor\u00e1rio 25 &#8211; Grupo 120 &#8211; <a href=\"https:\/\/aebemposta.com\/wp-content\/uploads\/2025\/08\/AVISO-DE-ABERTURA_contratacaodeescola_120_25_26.pdf\">Aviso de Abertura<\/a><\/div>\n","protected":false},"excerpt":{"rendered":"<p>Nos termos da lei, na reda\u00e7\u00e3o em vigor, e demais legisla\u00e7\u00e3o aplic\u00e1vel, torna-se publico que est\u00e3o abertos os seguintes concursos de contrata\u00e7\u00e3o de escola para suprir necessidades nos grupos de recrutamento indicados: Hor\u00e1rio 33 &#8211; Grupo 420 &#8211; Aviso de Abertura Hor\u00e1rio 32 &#8211; Grupo 400 &#8211; Aviso de Abertura Hor\u00e1rio 31 &#8211; Grupo 400 &#8230; <a title=\"Contrata\u00e7\u00e3o de Escola 2025\/2026\" class=\"read-more\" href=\"https:\/\/aebemposta.com\/?p=5807\" aria-label=\"Leia mais sobre Contrata\u00e7\u00e3o de Escola 2025\/2026\">Ler mais<\/a><\/p>\n","protected":false},"author":3,"featured_media":0,"comment_status":"closed","ping_status":"open","sticky":false,"template":"","format":"image","meta":{"inline_featured_image":false,"_uag_custom_page_level_css":"","footnotes":""},"categories":[10],"tags":[],"class_list":["post-5807","post","type-post","status-publish","format-image","hentry","category-concursos-docentes","post_format-post-format-image"],"uagb_featured_image_src":{"full":false,"thumbnail":false,"medium":false,"medium_large":false,"large":false,"1536x1536":false,"2048x2048":false},"uagb_author_info":{"display_name":"Agrupamento de Escolas da Bemposta","author_link":"https:\/\/aebemposta.com\/?author=3"},"uagb_comment_info":0,"uagb_excerpt":"Nos termos da lei, na reda\u00e7\u00e3o em vigor, e demais legisla\u00e7\u00e3o aplic\u00e1vel, torna-se publico que est\u00e3o abertos os seguintes concursos de contrata\u00e7\u00e3o de escola para suprir necessidades nos grupos de recrutamento indicados: Hor\u00e1rio 33 &#8211; Grupo 420 &#8211; Aviso de Abertura Hor\u00e1rio 32 &#8211; Grupo 400 &#8211; Aviso de Abertura Hor\u00e1rio 31 &#8211; Grupo 400&hellip;","_links":{"self":[{"href":"https:\/\/aebemposta.com\/index.php?rest_route=\/wp\/v2\/posts\/5807","targetHints":{"allow":["GET"]}}],"collection":[{"href":"https:\/\/aebemposta.com\/index.php?rest_route=\/wp\/v2\/posts"}],"about":[{"href":"https:\/\/aebemposta.com\/index.php?rest_route=\/wp\/v2\/types\/post"}],"author":[{"embeddable":true,"href":"https:\/\/aebemposta.com\/index.php?rest_route=\/wp\/v2\/users\/3"}],"replies":[{"embeddable":true,"href":"https:\/\/aebemposta.com\/index.php?rest_route=%2Fwp%2Fv2%2Fcomments&post=5807"}],"version-history":[{"count":2,"href":"https:\/\/aebemposta.com\/index.php?rest_route=\/wp\/v2\/posts\/5807\/revisions"}],"predecessor-version":[{"id":5839,"href":"https:\/\/aebemposta.com\/index.php?rest_route=\/wp\/v2\/posts\/5807\/revisions\/5839"}],"wp:attachment":[{"href":"https:\/\/aebemposta.com\/index.php?rest_route=%2Fwp%2Fv2%2Fmedia&parent=5807"}],"wp:term":[{"taxonomy":"category","embeddable":true,"href":"https:\/\/aebemposta.com\/index.php?rest_route=%2Fwp%2Fv2%2Fcategories&post=5807"},{"taxonomy":"post_tag","embeddable":true,"href":"https:\/\/aebemposta.com\/index.php?rest_route=%2Fwp%2Fv2%2Ftags&post=5807"}],"curies":[{"name":"wp","href":"https:\/\/api.w.org\/{rel}","templated":true}]}}