{"id":5477,"date":"2025-03-05T18:57:40","date_gmt":"2025-03-05T18:57:40","guid":{"rendered":"https:\/\/aebemposta.com\/?p=5477"},"modified":"2025-03-05T18:57:40","modified_gmt":"2025-03-05T18:57:40","slug":"tecnico-especializado-mediadora-linguisticoa-e-cultural-5","status":"publish","type":"post","link":"https:\/\/aebemposta.com\/?p=5477","title":{"rendered":"T\u00c9CNICO ESPECIALIZADO MEDIADOR(A) LINGU\u00cdSTICO(A) E CULTURAL"},"content":{"rendered":"<p>Publicam-se as listas de ordena\u00e7\u00e3o\/exclus\u00e3o do procedimento para sele\u00e7\u00e3o e recrutamento de T\u00e9cnicos Especializados (<strong>35 horas)<\/strong>, com a categoria profissional de <strong>Mediador Lingu\u00edstico e Cultural<\/strong><\/p>\n<p><strong>Lista de Ordena\u00e7\u00e3o &#8211; <a href=\"https:\/\/aebemposta.com\/wp-content\/uploads\/2025\/03\/Contratacao-de-Escola-84-Mediador-Linguistico_signed.pdf\">Hor\u00e1rio n.\u00ba84<\/a><\/strong><\/p>\n<p><strong>Lista de Ordena\u00e7\u00e3o &#8211; <a href=\"https:\/\/aebemposta.com\/wp-content\/uploads\/2025\/03\/Contratacao-de-Escola-85-Mediador-Linguistico_signed.pdf\">Hor\u00e1rio n.\u00ba85<\/a><\/strong><\/p>\n<p><strong>Data de Entrevista:<\/strong> 7 de mar\u00e7o de 2025 \u00e0s 9h<\/p>\n<p><strong> Local da Entrevista:<\/strong> Audit\u00f3rio da EBS Bemposta<\/p>\n","protected":false},"excerpt":{"rendered":"<p>Publicam-se as listas de ordena\u00e7\u00e3o\/exclus\u00e3o do procedimento para sele\u00e7\u00e3o e recrutamento de T\u00e9cnicos Especializados (35 horas), com a categoria profissional de Mediador Lingu\u00edstico e Cultural Lista de Ordena\u00e7\u00e3o &#8211; Hor\u00e1rio n.\u00ba84 Lista de Ordena\u00e7\u00e3o &#8211; Hor\u00e1rio n.\u00ba85 Data de Entrevista: 7 de mar\u00e7o de 2025 \u00e0s 9h Local da Entrevista: Audit\u00f3rio da EBS Bemposta<\/p>\n","protected":false},"author":3,"featured_media":0,"comment_status":"closed","ping_status":"open","sticky":false,"template":"","format":"image","meta":{"inline_featured_image":false,"_uag_custom_page_level_css":"","footnotes":""},"categories":[11],"tags":[],"class_list":["post-5477","post","type-post","status-publish","format-image","hentry","category-tecnicos-especializados","post_format-post-format-image"],"uagb_featured_image_src":{"full":false,"thumbnail":false,"medium":false,"medium_large":false,"large":false,"1536x1536":false,"2048x2048":false},"uagb_author_info":{"display_name":"Agrupamento de Escolas da Bemposta","author_link":"https:\/\/aebemposta.com\/?author=3"},"uagb_comment_info":0,"uagb_excerpt":"Publicam-se as listas de ordena\u00e7\u00e3o\/exclus\u00e3o do procedimento para sele\u00e7\u00e3o e recrutamento de T\u00e9cnicos Especializados (35 horas), com a categoria profissional de Mediador Lingu\u00edstico e Cultural Lista de Ordena\u00e7\u00e3o &#8211; Hor\u00e1rio n.\u00ba84 Lista de Ordena\u00e7\u00e3o &#8211; Hor\u00e1rio n.\u00ba85 Data de Entrevista: 7 de mar\u00e7o de 2025 \u00e0s 9h Local da Entrevista: Audit\u00f3rio da EBS Bemposta","_links":{"self":[{"href":"https:\/\/aebemposta.com\/index.php?rest_route=\/wp\/v2\/posts\/5477","targetHints":{"allow":["GET"]}}],"collection":[{"href":"https:\/\/aebemposta.com\/index.php?rest_route=\/wp\/v2\/posts"}],"about":[{"href":"https:\/\/aebemposta.com\/index.php?rest_route=\/wp\/v2\/types\/post"}],"author":[{"embeddable":true,"href":"https:\/\/aebemposta.com\/index.php?rest_route=\/wp\/v2\/users\/3"}],"replies":[{"embeddable":true,"href":"https:\/\/aebemposta.com\/index.php?rest_route=%2Fwp%2Fv2%2Fcomments&post=5477"}],"version-history":[{"count":1,"href":"https:\/\/aebemposta.com\/index.php?rest_route=\/wp\/v2\/posts\/5477\/revisions"}],"predecessor-version":[{"id":5481,"href":"https:\/\/aebemposta.com\/index.php?rest_route=\/wp\/v2\/posts\/5477\/revisions\/5481"}],"wp:attachment":[{"href":"https:\/\/aebemposta.com\/index.php?rest_route=%2Fwp%2Fv2%2Fmedia&parent=5477"}],"wp:term":[{"taxonomy":"category","embeddable":true,"href":"https:\/\/aebemposta.com\/index.php?rest_route=%2Fwp%2Fv2%2Fcategories&post=5477"},{"taxonomy":"post_tag","embeddable":true,"href":"https:\/\/aebemposta.com\/index.php?rest_route=%2Fwp%2Fv2%2Ftags&post=5477"}],"curies":[{"name":"wp","href":"https:\/\/api.w.org\/{rel}","templated":true}]}}