{"id":5462,"date":"2025-02-17T11:17:02","date_gmt":"2025-02-17T11:17:02","guid":{"rendered":"https:\/\/aebemposta.com\/?p=5462"},"modified":"2025-02-17T11:17:02","modified_gmt":"2025-02-17T11:17:02","slug":"selo-digital-escola-sem-bullying-escola-sem-violencia","status":"publish","type":"post","link":"https:\/\/aebemposta.com\/?p=5462","title":{"rendered":"Selo Digital &#8211; Escola sem Bullying | Escola Sem Viol\u00eancia"},"content":{"rendered":"<p><img loading=\"lazy\" decoding=\"async\" class=\"aligncenter  wp-image-5461\" src=\"https:\/\/aebemposta.com\/wp-content\/uploads\/2025\/02\/selo_escola_sem_bullying_escola_sem_violencia_24-25-1024x682.jpg\" alt=\"\" width=\"375\" height=\"250\" srcset=\"https:\/\/aebemposta.com\/wp-content\/uploads\/2025\/02\/selo_escola_sem_bullying_escola_sem_violencia_24-25-1024x682.jpg 1024w, https:\/\/aebemposta.com\/wp-content\/uploads\/2025\/02\/selo_escola_sem_bullying_escola_sem_violencia_24-25-300x200.jpg 300w, https:\/\/aebemposta.com\/wp-content\/uploads\/2025\/02\/selo_escola_sem_bullying_escola_sem_violencia_24-25-768x512.jpg 768w, https:\/\/aebemposta.com\/wp-content\/uploads\/2025\/02\/selo_escola_sem_bullying_escola_sem_violencia_24-25.jpg 1069w\" sizes=\"auto, (max-width: 375px) 100vw, 375px\" \/><\/p>\n<p>A Escola deve assumir-se como um espa\u00e7o privilegiado na preven\u00e7\u00e3o e combate a todas as formas de viol\u00eancia. Da\u00ed a import\u00e2ncia que assume a promo\u00e7\u00e3o e a implementa\u00e7\u00e3o, por parte das escolas, de um \u201cPlano de Preven\u00e7\u00e3o e Combate ao <em>Bullying<\/em>\u00a0e ao\u00a0<em>Ciberbullying\u201d<\/em>, centrado e consolidado numa abordagem estrat\u00e9gica e hol\u00edstica de sensibiliza\u00e7\u00e3o e de preven\u00e7\u00e3o sist\u00e9mica, de modo a definir mecanismos de interven\u00e7\u00e3o em meio escolar.<\/p>\n<p>O direito \u00e0 Educa\u00e7\u00e3o \u00e9 algo que est\u00e1 consagrado, de forma que todas as crian\u00e7as e jovens se sintam seguras e protegidas, nos espa\u00e7os educativos que frequentam, independentemente da condi\u00e7\u00e3o econ\u00f3mica, cultural ou social, das convic\u00e7\u00f5es pol\u00edticas, ideol\u00f3gicas, filos\u00f3ficas ou religiosas, da origem \u00e9tnica, da idade, da identidade de g\u00e9nero, orienta\u00e7\u00e3o sexual, sa\u00fade e\/ou sexo.<\/p>\n<p>Congratulamo-nos por informar que o empenho da nossa Escola na implementa\u00e7\u00e3o e dinamiza\u00e7\u00e3o de um plano de preven\u00e7\u00e3o e combate \u00e0 viol\u00eancia, em particular ao Bullying e Ciberbullying permitiu que o Agrupamento fosse distinguido com o &#8220;Selo Escola Sem Bullying | Escola Sem Viol\u00eancia&#8221;.<\/p>\n<p>Este merecido reconhecimento \u00e9 o fruto de um trabalho partilhado que temos vindo a desenvolver em prol da preven\u00e7\u00e3o de fen\u00f3menos de viol\u00eancia e do bem-estar de toda a comunidade.<\/p>\n<p style=\"text-align: center;\">\u00a0A Diretora<\/p>\n<p style=\"text-align: center;\">Sandra Tenil<\/p>\n","protected":false},"excerpt":{"rendered":"<p>A Escola deve assumir-se como um espa\u00e7o privilegiado na preven\u00e7\u00e3o e combate a todas as formas de viol\u00eancia. Da\u00ed a import\u00e2ncia que assume a promo\u00e7\u00e3o e a implementa\u00e7\u00e3o, por parte das escolas, de um \u201cPlano de Preven\u00e7\u00e3o e Combate ao Bullying\u00a0e ao\u00a0Ciberbullying\u201d, centrado e consolidado numa abordagem estrat\u00e9gica e hol\u00edstica de sensibiliza\u00e7\u00e3o e de preven\u00e7\u00e3o &#8230; <a title=\"Selo Digital &#8211; Escola sem Bullying | Escola Sem Viol\u00eancia\" class=\"read-more\" href=\"https:\/\/aebemposta.com\/?p=5462\" aria-label=\"Leia mais sobre Selo Digital &#8211; Escola sem Bullying | Escola Sem Viol\u00eancia\">Ler mais<\/a><\/p>\n","protected":false},"author":3,"featured_media":0,"comment_status":"closed","ping_status":"open","sticky":false,"template":"","format":"image","meta":{"inline_featured_image":false,"_uag_custom_page_level_css":"","footnotes":""},"categories":[21],"tags":[],"class_list":["post-5462","post","type-post","status-publish","format-image","hentry","category-informacoes","post_format-post-format-image"],"uagb_featured_image_src":{"full":false,"thumbnail":false,"medium":false,"medium_large":false,"large":false,"1536x1536":false,"2048x2048":false},"uagb_author_info":{"display_name":"Agrupamento de Escolas da Bemposta","author_link":"https:\/\/aebemposta.com\/?author=3"},"uagb_comment_info":0,"uagb_excerpt":"A Escola deve assumir-se como um espa\u00e7o privilegiado na preven\u00e7\u00e3o e combate a todas as formas de viol\u00eancia. Da\u00ed a import\u00e2ncia que assume a promo\u00e7\u00e3o e a implementa\u00e7\u00e3o, por parte das escolas, de um \u201cPlano de Preven\u00e7\u00e3o e Combate ao Bullying\u00a0e ao\u00a0Ciberbullying\u201d, centrado e consolidado numa abordagem estrat\u00e9gica e hol\u00edstica de sensibiliza\u00e7\u00e3o e de preven\u00e7\u00e3o&hellip;","_links":{"self":[{"href":"https:\/\/aebemposta.com\/index.php?rest_route=\/wp\/v2\/posts\/5462","targetHints":{"allow":["GET"]}}],"collection":[{"href":"https:\/\/aebemposta.com\/index.php?rest_route=\/wp\/v2\/posts"}],"about":[{"href":"https:\/\/aebemposta.com\/index.php?rest_route=\/wp\/v2\/types\/post"}],"author":[{"embeddable":true,"href":"https:\/\/aebemposta.com\/index.php?rest_route=\/wp\/v2\/users\/3"}],"replies":[{"embeddable":true,"href":"https:\/\/aebemposta.com\/index.php?rest_route=%2Fwp%2Fv2%2Fcomments&post=5462"}],"version-history":[{"count":1,"href":"https:\/\/aebemposta.com\/index.php?rest_route=\/wp\/v2\/posts\/5462\/revisions"}],"predecessor-version":[{"id":5463,"href":"https:\/\/aebemposta.com\/index.php?rest_route=\/wp\/v2\/posts\/5462\/revisions\/5463"}],"wp:attachment":[{"href":"https:\/\/aebemposta.com\/index.php?rest_route=%2Fwp%2Fv2%2Fmedia&parent=5462"}],"wp:term":[{"taxonomy":"category","embeddable":true,"href":"https:\/\/aebemposta.com\/index.php?rest_route=%2Fwp%2Fv2%2Fcategories&post=5462"},{"taxonomy":"post_tag","embeddable":true,"href":"https:\/\/aebemposta.com\/index.php?rest_route=%2Fwp%2Fv2%2Ftags&post=5462"}],"curies":[{"name":"wp","href":"https:\/\/api.w.org\/{rel}","templated":true}]}}