{"id":5185,"date":"2024-10-08T15:22:45","date_gmt":"2024-10-08T15:22:45","guid":{"rendered":"https:\/\/aebemposta.com\/?p=5185"},"modified":"2024-12-23T11:45:08","modified_gmt":"2024-12-23T11:45:08","slug":"concurso-de-docentes-do-ensino-artistico-especializado-da-musica-e-da-danca-5","status":"publish","type":"post","link":"https:\/\/aebemposta.com\/?p=5185","title":{"rendered":"Concurso de Docentes do Ensino Art\u00edstico Especializado da M\u00fasica e da Dan\u00e7a"},"content":{"rendered":"<p>Nos termos do Artigo n.\u00ba 14 e n.\u00ba 15 aprovado em anexo ao Decreto-Lei n.\u00ba 94\/2023, de 17 de outubro, que altera o anexo ao Decreto-Lei n.\u00ba 15\/2018, de 7 de mar\u00e7o, do Regime de sele\u00e7\u00e3o e<br \/>\nrecrutamento de docentes do Ensino Art\u00edstico Especializado da M\u00fasica e da Dan\u00e7a e das Artes Visuais e dos Audiovisuais, torna-se p\u00fablico que, por meu Despacho de 24 de setembro de 2024,<br \/>\nse encontra aberto o Concurso de Contrata\u00e7\u00e3o de Escola VI, para satisfa\u00e7\u00e3o das necessidades tempor\u00e1rias que subsistiram ap\u00f3s o Concurso de Contrata\u00e7\u00e3o de Escola III, nos grupos, subgrupos<br \/>\ne disciplinas de forma\u00e7\u00e3o art\u00edstica do ensino art\u00edstico especializado da m\u00fasica e da dan\u00e7a, para necessidades de dura\u00e7\u00e3o tempor\u00e1ria e anual. <a href=\"https:\/\/aebemposta.com\/wp-content\/uploads\/2024\/10\/Aviso-Concurso-Artistico-III-2024_2025-Bemposta_signed.pdf\"><strong>Consultar Aviso<\/strong><\/a><\/p>\n","protected":false},"excerpt":{"rendered":"<p>Nos termos do Artigo n.\u00ba 14 e n.\u00ba 15 aprovado em anexo ao Decreto-Lei n.\u00ba 94\/2023, de 17 de outubro, que altera o anexo ao Decreto-Lei n.\u00ba 15\/2018, de 7 de mar\u00e7o, do Regime de sele\u00e7\u00e3o e recrutamento de docentes do Ensino Art\u00edstico Especializado da M\u00fasica e da Dan\u00e7a e das Artes Visuais e dos &#8230; <a title=\"Concurso de Docentes do Ensino Art\u00edstico Especializado da M\u00fasica e da Dan\u00e7a\" class=\"read-more\" href=\"https:\/\/aebemposta.com\/?p=5185\" aria-label=\"Leia mais sobre Concurso de Docentes do Ensino Art\u00edstico Especializado da M\u00fasica e da Dan\u00e7a\">Ler mais<\/a><\/p>\n","protected":false},"author":3,"featured_media":0,"comment_status":"closed","ping_status":"open","sticky":false,"template":"","format":"standard","meta":{"inline_featured_image":false,"_uag_custom_page_level_css":"","footnotes":""},"categories":[10],"tags":[],"class_list":["post-5185","post","type-post","status-publish","format-standard","hentry","category-concursos-docentes"],"uagb_featured_image_src":{"full":false,"thumbnail":false,"medium":false,"medium_large":false,"large":false,"1536x1536":false,"2048x2048":false},"uagb_author_info":{"display_name":"Agrupamento de Escolas da Bemposta","author_link":"https:\/\/aebemposta.com\/?author=3"},"uagb_comment_info":0,"uagb_excerpt":"Nos termos do Artigo n.\u00ba 14 e n.\u00ba 15 aprovado em anexo ao Decreto-Lei n.\u00ba 94\/2023, de 17 de outubro, que altera o anexo ao Decreto-Lei n.\u00ba 15\/2018, de 7 de mar\u00e7o, do Regime de sele\u00e7\u00e3o e recrutamento de docentes do Ensino Art\u00edstico Especializado da M\u00fasica e da Dan\u00e7a e das Artes Visuais e dos&hellip;","_links":{"self":[{"href":"https:\/\/aebemposta.com\/index.php?rest_route=\/wp\/v2\/posts\/5185","targetHints":{"allow":["GET"]}}],"collection":[{"href":"https:\/\/aebemposta.com\/index.php?rest_route=\/wp\/v2\/posts"}],"about":[{"href":"https:\/\/aebemposta.com\/index.php?rest_route=\/wp\/v2\/types\/post"}],"author":[{"embeddable":true,"href":"https:\/\/aebemposta.com\/index.php?rest_route=\/wp\/v2\/users\/3"}],"replies":[{"embeddable":true,"href":"https:\/\/aebemposta.com\/index.php?rest_route=%2Fwp%2Fv2%2Fcomments&post=5185"}],"version-history":[{"count":1,"href":"https:\/\/aebemposta.com\/index.php?rest_route=\/wp\/v2\/posts\/5185\/revisions"}],"predecessor-version":[{"id":5186,"href":"https:\/\/aebemposta.com\/index.php?rest_route=\/wp\/v2\/posts\/5185\/revisions\/5186"}],"wp:attachment":[{"href":"https:\/\/aebemposta.com\/index.php?rest_route=%2Fwp%2Fv2%2Fmedia&parent=5185"}],"wp:term":[{"taxonomy":"category","embeddable":true,"href":"https:\/\/aebemposta.com\/index.php?rest_route=%2Fwp%2Fv2%2Fcategories&post=5185"},{"taxonomy":"post_tag","embeddable":true,"href":"https:\/\/aebemposta.com\/index.php?rest_route=%2Fwp%2Fv2%2Ftags&post=5185"}],"curies":[{"name":"wp","href":"https:\/\/api.w.org\/{rel}","templated":true}]}}