{"id":4187,"date":"2023-06-15T11:24:01","date_gmt":"2023-06-15T11:24:01","guid":{"rendered":"https:\/\/aebemposta.com\/?p=4187"},"modified":"2023-06-15T11:30:20","modified_gmt":"2023-06-15T11:30:20","slug":"distincao-selo-escola-amiga-da-crianca","status":"publish","type":"post","link":"https:\/\/aebemposta.com\/?p=4187","title":{"rendered":"Distin\u00e7\u00e3o &#8211; Selo Escola Amiga da Crian\u00e7a"},"content":{"rendered":"<p>\u00c9 com enorme orgulho que informamos que, uma vez mais,\u00a0o Agrupamento de Escolas da Bemposta foi distinguido com o selo\u00a0<b>Escola Amiga da Crian\u00e7a<\/b>.<\/p>\n<p>Agradecemos o empenho dos nossos alunos e dos professores.<\/p>\n<p><a href=\"https:\/\/aebemposta.com\/wp-content\/uploads\/2023\/06\/Certificado_Escola_Amiga_Crianca_2022.pdf\"><img loading=\"lazy\" decoding=\"async\" class=\"aligncenter size-full wp-image-4191\" src=\"https:\/\/aebemposta.com\/wp-content\/uploads\/2023\/06\/escola-amiga.jpg\" alt=\"\" width=\"841\" height=\"589\" srcset=\"https:\/\/aebemposta.com\/wp-content\/uploads\/2023\/06\/escola-amiga.jpg 841w, https:\/\/aebemposta.com\/wp-content\/uploads\/2023\/06\/escola-amiga-300x210.jpg 300w, https:\/\/aebemposta.com\/wp-content\/uploads\/2023\/06\/escola-amiga-768x538.jpg 768w\" sizes=\"auto, (max-width: 841px) 100vw, 841px\" \/><\/a><\/p>\n","protected":false},"excerpt":{"rendered":"<p>\u00c9 com enorme orgulho que informamos que, uma vez mais,\u00a0o Agrupamento de Escolas da Bemposta foi distinguido com o selo\u00a0Escola Amiga da Crian\u00e7a. Agradecemos o empenho dos nossos alunos e dos professores.<\/p>\n","protected":false},"author":3,"featured_media":0,"comment_status":"closed","ping_status":"open","sticky":false,"template":"","format":"image","meta":{"inline_featured_image":false,"_uag_custom_page_level_css":"","footnotes":""},"categories":[21],"tags":[],"class_list":["post-4187","post","type-post","status-publish","format-image","hentry","category-informacoes","post_format-post-format-image"],"uagb_featured_image_src":{"full":false,"thumbnail":false,"medium":false,"medium_large":false,"large":false,"1536x1536":false,"2048x2048":false},"uagb_author_info":{"display_name":"Agrupamento de Escolas da Bemposta","author_link":"https:\/\/aebemposta.com\/?author=3"},"uagb_comment_info":0,"uagb_excerpt":"\u00c9 com enorme orgulho que informamos que, uma vez mais,\u00a0o Agrupamento de Escolas da Bemposta foi distinguido com o selo\u00a0Escola Amiga da Crian\u00e7a. Agradecemos o empenho dos nossos alunos e dos professores.","_links":{"self":[{"href":"https:\/\/aebemposta.com\/index.php?rest_route=\/wp\/v2\/posts\/4187","targetHints":{"allow":["GET"]}}],"collection":[{"href":"https:\/\/aebemposta.com\/index.php?rest_route=\/wp\/v2\/posts"}],"about":[{"href":"https:\/\/aebemposta.com\/index.php?rest_route=\/wp\/v2\/types\/post"}],"author":[{"embeddable":true,"href":"https:\/\/aebemposta.com\/index.php?rest_route=\/wp\/v2\/users\/3"}],"replies":[{"embeddable":true,"href":"https:\/\/aebemposta.com\/index.php?rest_route=%2Fwp%2Fv2%2Fcomments&post=4187"}],"version-history":[{"count":3,"href":"https:\/\/aebemposta.com\/index.php?rest_route=\/wp\/v2\/posts\/4187\/revisions"}],"predecessor-version":[{"id":4192,"href":"https:\/\/aebemposta.com\/index.php?rest_route=\/wp\/v2\/posts\/4187\/revisions\/4192"}],"wp:attachment":[{"href":"https:\/\/aebemposta.com\/index.php?rest_route=%2Fwp%2Fv2%2Fmedia&parent=4187"}],"wp:term":[{"taxonomy":"category","embeddable":true,"href":"https:\/\/aebemposta.com\/index.php?rest_route=%2Fwp%2Fv2%2Fcategories&post=4187"},{"taxonomy":"post_tag","embeddable":true,"href":"https:\/\/aebemposta.com\/index.php?rest_route=%2Fwp%2Fv2%2Ftags&post=4187"}],"curies":[{"name":"wp","href":"https:\/\/api.w.org\/{rel}","templated":true}]}}