{"id":4165,"date":"2023-05-30T09:20:38","date_gmt":"2023-05-30T09:20:38","guid":{"rendered":"https:\/\/aebemposta.com\/?p=4165"},"modified":"2023-05-30T10:07:56","modified_gmt":"2023-05-30T10:07:56","slug":"semana-internacional-da-bicicleta-world-bicycle-week-edicao-2023","status":"publish","type":"post","link":"https:\/\/aebemposta.com\/?p=4165","title":{"rendered":"Semana Internacional da Bicicleta | World Bicycle Week, edi\u00e7\u00e3o 2023"},"content":{"rendered":"<div>\n<div>\n<div>\n<div>\n<div><img loading=\"lazy\" decoding=\"async\" class=\"aligncenter wp-image-4167\" src=\"https:\/\/aebemposta.com\/wp-content\/uploads\/2023\/05\/1-1024x1024.png\" alt=\"\" width=\"538\" height=\"538\" srcset=\"https:\/\/aebemposta.com\/wp-content\/uploads\/2023\/05\/1-1024x1024.png 1024w, https:\/\/aebemposta.com\/wp-content\/uploads\/2023\/05\/1-300x300.png 300w, https:\/\/aebemposta.com\/wp-content\/uploads\/2023\/05\/1-150x150.png 150w, https:\/\/aebemposta.com\/wp-content\/uploads\/2023\/05\/1-768x768.png 768w, https:\/\/aebemposta.com\/wp-content\/uploads\/2023\/05\/1-1536x1536.png 1536w, https:\/\/aebemposta.com\/wp-content\/uploads\/2023\/05\/1.png 1620w\" sizes=\"auto, (max-width: 538px) 100vw, 538px\" \/><\/div>\n<div><\/div>\n<div>O evento est\u00e1 programado para decorrer no per\u00edodo compreendido entre 29 de maio e 2 de junho de 2023. O dia internacional da bicicleta acontece no dia 3 de junho de 2023, s\u00e1bado.<\/div>\n<div>O programa atualizado (<i>pro<\/i>\u00a0definitivo):<\/div>\n<div>\n<ul>\n<li><b>29 de Maio de 2023<\/b>, segunda-feira, 14h:30m-16h:30m, EBS da Bemposta &#8211; Gincana (sob monitoriza\u00e7\u00e3o do Clube Bicross de Portim\u00e3o &#8211; CBP)*;<\/li>\n<li><b>30 de Maio de 2023<\/b>, ter\u00e7a-feira, 10h:00m-12h:10m, EB23 D Jo\u00e3o II &#8211; Gincana (sob monitoriza\u00e7\u00e3o do Clube Bicross de Portim\u00e3o &#8211; CBP)*;<\/li>\n<li><b>31 de maio de 2023<\/b>, quarta-feira, 10h:00m, EBS Bemposta &#8211; percurso circular de ciclismo vertente BTT &#8220;veredas da Bemposta e de Alvor&#8221; &#8211; <a href=\"https:\/\/tinyurl.com\/4zh28t55\">Inscri\u00e7\u00e3o<\/a>;<\/li>\n<li><b>2 de junho de 2023<\/b>, sexta-feira, 14h:15m, EBS Bemposta &#8211; palestra com Lu\u00eds Costa (atleta paraol\u00edmpico) *inclui exibi\u00e7\u00e3o de material circulante &#8211; <a href=\"https:\/\/tinyurl.com\/mpmknn9e\">Inscri\u00e7\u00e3o<\/a><\/li>\n<\/ul>\n<\/div>\n<\/div>\n<\/div>\n<div><\/div>\n<\/div>\n<div>Convid\u00e1mos toda comunidade educativa para esta atividade que\u00a0tem enquadramento na Estrat\u00e9gia Nacional para a Mobilidade Ativa Cicl\u00e1vel 2020-2030 (ENMAC 2020-2030).<\/div>\n<div><\/div>\n<div>Pretende-se, entre outros objetivos, &#8220;dar um contributo para a descarboniza\u00e7\u00e3o da mobilidade, favorecendo op\u00e7\u00f5es de desloca\u00e7\u00e3o mais sustent\u00e1veis como a utiliza\u00e7\u00e3o da bicicleta&#8221;,\u00a0 e, simultaneamente, pretendemos &#8220;maximizar os benef\u00edcios para a sa\u00fade dos cidad\u00e3os, proporcionando-lhes h\u00e1bitos de vida mais saud\u00e1veis&#8221; e boas pr\u00e1ticas de desenvolvimento de um parque ciclista escolar sustent\u00e1vel atrav\u00e9s do projeto em curso.<\/div>\n<\/div>\n<div><\/div>\n","protected":false},"excerpt":{"rendered":"<p>O evento est\u00e1 programado para decorrer no per\u00edodo compreendido entre 29 de maio e 2 de junho de 2023. O dia internacional da bicicleta acontece no dia 3 de junho de 2023, s\u00e1bado. O programa atualizado (pro\u00a0definitivo): 29 de Maio de 2023, segunda-feira, 14h:30m-16h:30m, EBS da Bemposta &#8211; Gincana (sob monitoriza\u00e7\u00e3o do Clube Bicross de &#8230; <a title=\"Semana Internacional da Bicicleta | World Bicycle Week, edi\u00e7\u00e3o 2023\" class=\"read-more\" href=\"https:\/\/aebemposta.com\/?p=4165\" aria-label=\"Leia mais sobre Semana Internacional da Bicicleta | World Bicycle Week, edi\u00e7\u00e3o 2023\">Ler mais<\/a><\/p>\n","protected":false},"author":3,"featured_media":0,"comment_status":"closed","ping_status":"open","sticky":false,"template":"","format":"image","meta":{"inline_featured_image":false,"_uag_custom_page_level_css":"","footnotes":""},"categories":[5,21],"tags":[],"class_list":["post-4165","post","type-post","status-publish","format-image","hentry","category-atividades","category-informacoes","post_format-post-format-image"],"uagb_featured_image_src":{"full":false,"thumbnail":false,"medium":false,"medium_large":false,"large":false,"1536x1536":false,"2048x2048":false},"uagb_author_info":{"display_name":"Agrupamento de Escolas da Bemposta","author_link":"https:\/\/aebemposta.com\/?author=3"},"uagb_comment_info":0,"uagb_excerpt":"O evento est\u00e1 programado para decorrer no per\u00edodo compreendido entre 29 de maio e 2 de junho de 2023. O dia internacional da bicicleta acontece no dia 3 de junho de 2023, s\u00e1bado. O programa atualizado (pro\u00a0definitivo): 29 de Maio de 2023, segunda-feira, 14h:30m-16h:30m, EBS da Bemposta &#8211; Gincana (sob monitoriza\u00e7\u00e3o do Clube Bicross de&hellip;","_links":{"self":[{"href":"https:\/\/aebemposta.com\/index.php?rest_route=\/wp\/v2\/posts\/4165","targetHints":{"allow":["GET"]}}],"collection":[{"href":"https:\/\/aebemposta.com\/index.php?rest_route=\/wp\/v2\/posts"}],"about":[{"href":"https:\/\/aebemposta.com\/index.php?rest_route=\/wp\/v2\/types\/post"}],"author":[{"embeddable":true,"href":"https:\/\/aebemposta.com\/index.php?rest_route=\/wp\/v2\/users\/3"}],"replies":[{"embeddable":true,"href":"https:\/\/aebemposta.com\/index.php?rest_route=%2Fwp%2Fv2%2Fcomments&post=4165"}],"version-history":[{"count":4,"href":"https:\/\/aebemposta.com\/index.php?rest_route=\/wp\/v2\/posts\/4165\/revisions"}],"predecessor-version":[{"id":4175,"href":"https:\/\/aebemposta.com\/index.php?rest_route=\/wp\/v2\/posts\/4165\/revisions\/4175"}],"wp:attachment":[{"href":"https:\/\/aebemposta.com\/index.php?rest_route=%2Fwp%2Fv2%2Fmedia&parent=4165"}],"wp:term":[{"taxonomy":"category","embeddable":true,"href":"https:\/\/aebemposta.com\/index.php?rest_route=%2Fwp%2Fv2%2Fcategories&post=4165"},{"taxonomy":"post_tag","embeddable":true,"href":"https:\/\/aebemposta.com\/index.php?rest_route=%2Fwp%2Fv2%2Ftags&post=4165"}],"curies":[{"name":"wp","href":"https:\/\/api.w.org\/{rel}","templated":true}]}}