{"id":4123,"date":"2023-05-10T10:06:00","date_gmt":"2023-05-10T10:06:00","guid":{"rendered":"https:\/\/aebemposta.com\/?p=4123"},"modified":"2023-05-10T10:06:00","modified_gmt":"2023-05-10T10:06:00","slug":"webinar-o-que-e-e-como-utilizar-o-coloradd","status":"publish","type":"post","link":"https:\/\/aebemposta.com\/?p=4123","title":{"rendered":"Webinar\u00a0&#8211; O que \u00e9 e como utilizar o\u00a0ColorADD"},"content":{"rendered":"<p><img loading=\"lazy\" decoding=\"async\" class=\"aligncenter  wp-image-4124\" src=\"https:\/\/aebemposta.com\/wp-content\/uploads\/2023\/05\/webinar-1024x574.png\" alt=\"\" width=\"583\" height=\"327\" srcset=\"https:\/\/aebemposta.com\/wp-content\/uploads\/2023\/05\/webinar-1024x574.png 1024w, https:\/\/aebemposta.com\/wp-content\/uploads\/2023\/05\/webinar-300x168.png 300w, https:\/\/aebemposta.com\/wp-content\/uploads\/2023\/05\/webinar-768x431.png 768w, https:\/\/aebemposta.com\/wp-content\/uploads\/2023\/05\/webinar.png 1280w\" sizes=\"auto, (max-width: 583px) 100vw, 583px\" \/><\/p>\n<p>A toda a comunidade educativa,<\/p>\n<p>O daltonismo, ou cegueira da cor, e\u0301 uma limita\u00e7\u00e3o que afeta cerca de 350 milh\u00f5es de pessoas em todo o mundo, um em cada 12 homens e uma em cada 200 mulheres. Esta limita\u00e7\u00e3o de condi\u00e7\u00e3o heredit\u00e1ria cria grandes constrangimentos ao n\u00edvel da integra\u00e7\u00e3o social e profissional.<\/p>\n<p><span class=\"il\">ColorADD<\/span>, o alfabeto das cores, e\u0301 uma linguagem universal e inclusiva, um \u201cjogo mental\u201d simples, f\u00e1cil de memorizar e aplicar em situa\u00e7\u00f5es do dia-a-dia, possibilitando aos dalt\u00f3nicos, de uma forma clara e inequ\u00edvoca, decidir, com independ\u00eancia, sempre que a cor for um fator de decis\u00e3o. J\u00e1 implementada em diversos pa\u00edses, esta linguagem universal transmite utilidade e responsabilidade a produtos e servi\u00e7os enquanto facilita a integra\u00e7\u00e3o social de pessoas dalt\u00f3nicas, incluindo e promovendo iguais acessibilidades para todos.<\/p>\n<p>Na voz do seu criador, o designer\u00a0<u>Miguel Neiva<\/u>, vamos ficar a saber mais sobre este c\u00f3digo e como pode e deve ser utilizado no\u00a0<i>webinar\u00a0<\/i><b>O que \u00e9 e como utilizar o\u00a0<span class=\"il\">ColorADD<\/span><\/b>, dia\u00a0<b>16 de maio<\/b>, \u00e0s\u00a0<b>10h00<\/b>.<\/p>\n<p><img decoding=\"async\" class=\"an1\" src=\"https:\/\/fonts.gstatic.com\/s\/e\/notoemoji\/15.0\/1f4cd\/32.png\" alt=\"\ud83d\udccd\" data-emoji=\"\ud83d\udccd\" aria-label=\"\ud83d\udccd\" \/><i>Webinar\u00a0<\/i>com Interpreta\u00e7\u00e3o em L\u00edngua Gestual Portuguesa<\/p>\n<p><strong>Inscri\u00e7\u00e3o atrav\u00e9s do link &#8211;<\/strong> <a href=\"https:\/\/dge-me-pt.zoom.us\/webinar\/register\/WN_TZiJy_drSiaM2WpURRoJRQ#\/registration\">https:\/\/dge-me-pt.zoom.us\/webinar\/register\/WN_TZiJy_drSiaM2WpURRoJRQ#\/registration<\/a><\/p>\n<p>Vemo-nos l\u00e1!<\/p>\n<p><img loading=\"lazy\" decoding=\"async\" class=\"wp-image-4125 alignleft\" src=\"https:\/\/aebemposta.com\/wp-content\/uploads\/2023\/05\/Outlook-ydztsuhz-1024x403.png\" alt=\"\" width=\"605\" height=\"238\" srcset=\"https:\/\/aebemposta.com\/wp-content\/uploads\/2023\/05\/Outlook-ydztsuhz-1024x403.png 1024w, https:\/\/aebemposta.com\/wp-content\/uploads\/2023\/05\/Outlook-ydztsuhz-300x118.png 300w, https:\/\/aebemposta.com\/wp-content\/uploads\/2023\/05\/Outlook-ydztsuhz-768x302.png 768w, https:\/\/aebemposta.com\/wp-content\/uploads\/2023\/05\/Outlook-ydztsuhz.png 1057w\" sizes=\"auto, (max-width: 605px) 100vw, 605px\" \/><\/p>\n","protected":false},"excerpt":{"rendered":"<p>A toda a comunidade educativa, O daltonismo, ou cegueira da cor, e\u0301 uma limita\u00e7\u00e3o que afeta cerca de 350 milh\u00f5es de pessoas em todo o mundo, um em cada 12 homens e uma em cada 200 mulheres. Esta limita\u00e7\u00e3o de condi\u00e7\u00e3o heredit\u00e1ria cria grandes constrangimentos ao n\u00edvel da integra\u00e7\u00e3o social e profissional. ColorADD, o alfabeto &#8230; <a title=\"Webinar\u00a0&#8211; O que \u00e9 e como utilizar o\u00a0ColorADD\" class=\"read-more\" href=\"https:\/\/aebemposta.com\/?p=4123\" aria-label=\"Leia mais sobre Webinar\u00a0&#8211; O que \u00e9 e como utilizar o\u00a0ColorADD\">Ler mais<\/a><\/p>\n","protected":false},"author":3,"featured_media":0,"comment_status":"closed","ping_status":"open","sticky":false,"template":"","format":"image","meta":{"inline_featured_image":false,"_uag_custom_page_level_css":"","footnotes":""},"categories":[21],"tags":[],"class_list":["post-4123","post","type-post","status-publish","format-image","hentry","category-informacoes","post_format-post-format-image"],"uagb_featured_image_src":{"full":false,"thumbnail":false,"medium":false,"medium_large":false,"large":false,"1536x1536":false,"2048x2048":false},"uagb_author_info":{"display_name":"Agrupamento de Escolas da Bemposta","author_link":"https:\/\/aebemposta.com\/?author=3"},"uagb_comment_info":0,"uagb_excerpt":"A toda a comunidade educativa, O daltonismo, ou cegueira da cor, e\u0301 uma limita\u00e7\u00e3o que afeta cerca de 350 milh\u00f5es de pessoas em todo o mundo, um em cada 12 homens e uma em cada 200 mulheres. Esta limita\u00e7\u00e3o de condi\u00e7\u00e3o heredit\u00e1ria cria grandes constrangimentos ao n\u00edvel da integra\u00e7\u00e3o social e profissional. ColorADD, o alfabeto&hellip;","_links":{"self":[{"href":"https:\/\/aebemposta.com\/index.php?rest_route=\/wp\/v2\/posts\/4123","targetHints":{"allow":["GET"]}}],"collection":[{"href":"https:\/\/aebemposta.com\/index.php?rest_route=\/wp\/v2\/posts"}],"about":[{"href":"https:\/\/aebemposta.com\/index.php?rest_route=\/wp\/v2\/types\/post"}],"author":[{"embeddable":true,"href":"https:\/\/aebemposta.com\/index.php?rest_route=\/wp\/v2\/users\/3"}],"replies":[{"embeddable":true,"href":"https:\/\/aebemposta.com\/index.php?rest_route=%2Fwp%2Fv2%2Fcomments&post=4123"}],"version-history":[{"count":1,"href":"https:\/\/aebemposta.com\/index.php?rest_route=\/wp\/v2\/posts\/4123\/revisions"}],"predecessor-version":[{"id":4126,"href":"https:\/\/aebemposta.com\/index.php?rest_route=\/wp\/v2\/posts\/4123\/revisions\/4126"}],"wp:attachment":[{"href":"https:\/\/aebemposta.com\/index.php?rest_route=%2Fwp%2Fv2%2Fmedia&parent=4123"}],"wp:term":[{"taxonomy":"category","embeddable":true,"href":"https:\/\/aebemposta.com\/index.php?rest_route=%2Fwp%2Fv2%2Fcategories&post=4123"},{"taxonomy":"post_tag","embeddable":true,"href":"https:\/\/aebemposta.com\/index.php?rest_route=%2Fwp%2Fv2%2Ftags&post=4123"}],"curies":[{"name":"wp","href":"https:\/\/api.w.org\/{rel}","templated":true}]}}