{"id":3234,"date":"2022-10-26T08:01:28","date_gmt":"2022-10-26T08:01:28","guid":{"rendered":"https:\/\/aebemposta.com\/?p=3234"},"modified":"2023-04-05T13:35:46","modified_gmt":"2023-04-05T13:35:46","slug":"dia-mundial-da-alimentacao","status":"publish","type":"post","link":"https:\/\/aebemposta.com\/?p=3234","title":{"rendered":"Dia Mundial da Alimenta\u00e7\u00e3o"},"content":{"rendered":"<p>No \u00e2mbito do Programa para a Educa\u00e7\u00e3o e Sa\u00fade, as escolas do nosso Agrupamento comemoraram o Dia Mundial da Alimenta\u00e7\u00e3o.<\/p>\n<p>Realizou-se atividade &#8220;Lanche Saud\u00e1vel&#8221;, com o objetivo de sensibilizar para a import\u00e2ncia de uma alimenta\u00e7\u00e3o saud\u00e1vel.<\/p>\n<p>&nbsp;<\/p>\n","protected":false},"excerpt":{"rendered":"<p>No \u00e2mbito do Programa para a Educa\u00e7\u00e3o e Sa\u00fade, as escolas do nosso Agrupamento comemoraram o Dia Mundial da Alimenta\u00e7\u00e3o. Realizou-se atividade &#8220;Lanche Saud\u00e1vel&#8221;, com o objetivo de sensibilizar para a import\u00e2ncia de uma alimenta\u00e7\u00e3o saud\u00e1vel. &nbsp;<\/p>\n","protected":false},"author":3,"featured_media":3238,"comment_status":"closed","ping_status":"open","sticky":false,"template":"","format":"standard","meta":{"inline_featured_image":false,"_uag_custom_page_level_css":"","footnotes":""},"categories":[5],"tags":[],"class_list":["post-3234","post","type-post","status-publish","format-standard","has-post-thumbnail","hentry","category-atividades"],"uagb_featured_image_src":{"full":false,"thumbnail":false,"medium":false,"medium_large":false,"large":false,"1536x1536":false,"2048x2048":false},"uagb_author_info":{"display_name":"Agrupamento de Escolas da Bemposta","author_link":"https:\/\/aebemposta.com\/?author=3"},"uagb_comment_info":0,"uagb_excerpt":"No \u00e2mbito do Programa para a Educa\u00e7\u00e3o e Sa\u00fade, as escolas do nosso Agrupamento comemoraram o Dia Mundial da Alimenta\u00e7\u00e3o. Realizou-se atividade &#8220;Lanche Saud\u00e1vel&#8221;, com o objetivo de sensibilizar para a import\u00e2ncia de uma alimenta\u00e7\u00e3o saud\u00e1vel. &nbsp;","_links":{"self":[{"href":"https:\/\/aebemposta.com\/index.php?rest_route=\/wp\/v2\/posts\/3234","targetHints":{"allow":["GET"]}}],"collection":[{"href":"https:\/\/aebemposta.com\/index.php?rest_route=\/wp\/v2\/posts"}],"about":[{"href":"https:\/\/aebemposta.com\/index.php?rest_route=\/wp\/v2\/types\/post"}],"author":[{"embeddable":true,"href":"https:\/\/aebemposta.com\/index.php?rest_route=\/wp\/v2\/users\/3"}],"replies":[{"embeddable":true,"href":"https:\/\/aebemposta.com\/index.php?rest_route=%2Fwp%2Fv2%2Fcomments&post=3234"}],"version-history":[{"count":2,"href":"https:\/\/aebemposta.com\/index.php?rest_route=\/wp\/v2\/posts\/3234\/revisions"}],"predecessor-version":[{"id":3873,"href":"https:\/\/aebemposta.com\/index.php?rest_route=\/wp\/v2\/posts\/3234\/revisions\/3873"}],"wp:featuredmedia":[{"embeddable":true,"href":"https:\/\/aebemposta.com\/index.php?rest_route=\/"}],"wp:attachment":[{"href":"https:\/\/aebemposta.com\/index.php?rest_route=%2Fwp%2Fv2%2Fmedia&parent=3234"}],"wp:term":[{"taxonomy":"category","embeddable":true,"href":"https:\/\/aebemposta.com\/index.php?rest_route=%2Fwp%2Fv2%2Fcategories&post=3234"},{"taxonomy":"post_tag","embeddable":true,"href":"https:\/\/aebemposta.com\/index.php?rest_route=%2Fwp%2Fv2%2Ftags&post=3234"}],"curies":[{"name":"wp","href":"https:\/\/api.w.org\/{rel}","templated":true}]}}