{"id":3229,"date":"2022-10-25T08:22:00","date_gmt":"2022-10-25T08:22:00","guid":{"rendered":"https:\/\/aebemposta.com\/?p=3229"},"modified":"2023-04-05T10:13:47","modified_gmt":"2023-04-05T10:13:47","slug":"selo-escola-sem-bullying-escola-sem-violencia","status":"publish","type":"post","link":"https:\/\/aebemposta.com\/?p=3229","title":{"rendered":"Selo Escola Sem Bullying Escola Sem Viol\u00eancia"},"content":{"rendered":"<p>Foi atribu\u00eddo ao nosso Agrupamento o &#8220;Selo Escola Sem Bullying Escola Sem Viol\u00eancia.<\/p>\n<p>O nosso Agrupamento continuar\u00e1 a assumir-se como um espa\u00e7o privilegiado na preven\u00e7\u00e3o e combate a todas as formas de viol\u00eancia. Da\u00ed a import\u00e2ncia que assume a implementa\u00e7\u00e3o de um plano de preven\u00e7\u00e3o e combate ao <em>Bullying\u00a0<\/em>e ao\u00a0<em>Ciberbullying<\/em>.<\/p>\n<p>A distin\u00e7\u00e3o agora atribu\u00edda ser\u00e1 um incentivo a continuarem o trabalho de excel\u00eancia e o envolvimento de toda a comunidade educativa neste objetivo comum: a preven\u00e7\u00e3o e elimina\u00e7\u00e3o de todas as formas de viol\u00eancia.<\/p>\n<p>Pode ver ou rever a sess\u00e3o p\u00fablica de distin\u00e7\u00e3o dos agrupamentos de escolas\/escolas n\u00e3o agrupadas\u00a0<a href=\"https:\/\/mec.us12.list-manage.com\/track\/click?u=62fcb5cae6b576a090ea2090a&amp;id=696f2b6536&amp;e=81f987078c\" target=\"_blank\" rel=\"noopener noreferrer\" data-saferedirecturl=\"https:\/\/www.google.com\/url?q=https:\/\/mec.us12.list-manage.com\/track\/click?u%3D62fcb5cae6b576a090ea2090a%26id%3D696f2b6536%26e%3D81f987078c&amp;source=gmail&amp;ust=1666771323952000&amp;usg=AOvVaw1ZEXkREp-nfzsM20SmFnwy\">aqui<\/a>.<\/p>\n<p><img loading=\"lazy\" decoding=\"async\" class=\"aligncenter size-full wp-image-3228\" src=\"http:\/\/localhost\/wordpress\/wp-content\/uploads\/2022\/10\/selo_escola_sem_bullying_escola_sem_violencia_22-23.jpg\" alt=\"\" width=\"1069\" height=\"712\" \/><\/p>\n","protected":false},"excerpt":{"rendered":"<p>Foi atribu\u00eddo ao nosso Agrupamento o &#8220;Selo Escola Sem Bullying Escola Sem Viol\u00eancia. O nosso Agrupamento continuar\u00e1 a assumir-se como um espa\u00e7o privilegiado na preven\u00e7\u00e3o e combate a todas as formas de viol\u00eancia. Da\u00ed a import\u00e2ncia que assume a implementa\u00e7\u00e3o de um plano de preven\u00e7\u00e3o e combate ao Bullying\u00a0e ao\u00a0Ciberbullying. A distin\u00e7\u00e3o agora atribu\u00edda ser\u00e1 &#8230; <a title=\"Selo Escola Sem Bullying Escola Sem Viol\u00eancia\" class=\"read-more\" href=\"https:\/\/aebemposta.com\/?p=3229\" aria-label=\"Leia mais sobre Selo Escola Sem Bullying Escola Sem Viol\u00eancia\">Ler mais<\/a><\/p>\n","protected":false},"author":3,"featured_media":3232,"comment_status":"closed","ping_status":"open","sticky":false,"template":"","format":"standard","meta":{"inline_featured_image":false,"_uag_custom_page_level_css":"","footnotes":""},"categories":[21],"tags":[],"class_list":["post-3229","post","type-post","status-publish","format-standard","has-post-thumbnail","hentry","category-informacoes"],"uagb_featured_image_src":{"full":false,"thumbnail":false,"medium":false,"medium_large":false,"large":false,"1536x1536":false,"2048x2048":false},"uagb_author_info":{"display_name":"Agrupamento de Escolas da Bemposta","author_link":"https:\/\/aebemposta.com\/?author=3"},"uagb_comment_info":0,"uagb_excerpt":"Foi atribu\u00eddo ao nosso Agrupamento o &#8220;Selo Escola Sem Bullying Escola Sem Viol\u00eancia. O nosso Agrupamento continuar\u00e1 a assumir-se como um espa\u00e7o privilegiado na preven\u00e7\u00e3o e combate a todas as formas de viol\u00eancia. Da\u00ed a import\u00e2ncia que assume a implementa\u00e7\u00e3o de um plano de preven\u00e7\u00e3o e combate ao Bullying\u00a0e ao\u00a0Ciberbullying. A distin\u00e7\u00e3o agora atribu\u00edda ser\u00e1&hellip;","_links":{"self":[{"href":"https:\/\/aebemposta.com\/index.php?rest_route=\/wp\/v2\/posts\/3229","targetHints":{"allow":["GET"]}}],"collection":[{"href":"https:\/\/aebemposta.com\/index.php?rest_route=\/wp\/v2\/posts"}],"about":[{"href":"https:\/\/aebemposta.com\/index.php?rest_route=\/wp\/v2\/types\/post"}],"author":[{"embeddable":true,"href":"https:\/\/aebemposta.com\/index.php?rest_route=\/wp\/v2\/users\/3"}],"replies":[{"embeddable":true,"href":"https:\/\/aebemposta.com\/index.php?rest_route=%2Fwp%2Fv2%2Fcomments&post=3229"}],"version-history":[{"count":1,"href":"https:\/\/aebemposta.com\/index.php?rest_route=\/wp\/v2\/posts\/3229\/revisions"}],"predecessor-version":[{"id":3823,"href":"https:\/\/aebemposta.com\/index.php?rest_route=\/wp\/v2\/posts\/3229\/revisions\/3823"}],"wp:featuredmedia":[{"embeddable":true,"href":"https:\/\/aebemposta.com\/index.php?rest_route=\/"}],"wp:attachment":[{"href":"https:\/\/aebemposta.com\/index.php?rest_route=%2Fwp%2Fv2%2Fmedia&parent=3229"}],"wp:term":[{"taxonomy":"category","embeddable":true,"href":"https:\/\/aebemposta.com\/index.php?rest_route=%2Fwp%2Fv2%2Fcategories&post=3229"},{"taxonomy":"post_tag","embeddable":true,"href":"https:\/\/aebemposta.com\/index.php?rest_route=%2Fwp%2Fv2%2Ftags&post=3229"}],"curies":[{"name":"wp","href":"https:\/\/api.w.org\/{rel}","templated":true}]}}