{"id":3164,"date":"2022-09-29T09:29:26","date_gmt":"2022-09-29T09:29:26","guid":{"rendered":"https:\/\/aebemposta.com\/?p=3164"},"modified":"2023-04-05T10:14:37","modified_gmt":"2023-04-05T10:14:37","slug":"concurso-tecnicos-especializados-22-23-5","status":"publish","type":"post","link":"https:\/\/aebemposta.com\/?p=3164","title":{"rendered":"Concurso &#8211; T\u00e9cnicos Especializados 22\/23"},"content":{"rendered":"<h3 class=\"western\" lang=\"en-US\" style=\"text-align: center;\" align=\"justify\"><span style=\"font-family: Arial, sans-serif; color: #003366;\"><span lang=\"pt-PT\">Aviso de Abertura<\/span><\/span><\/h3>\n<p class=\"western\" lang=\"en-US\" align=\"justify\"><span style=\"font-family: Arial, sans-serif;\"><span lang=\"pt-PT\">Concurso para c<\/span><\/span><span style=\"font-family: Arial, sans-serif;\"><span lang=\"pt-PT\">ontrata\u00e7\u00e3o de <\/span><\/span><span style=\"font-family: Arial, sans-serif;\"><span lang=\"pt-PT\"><b>Terapeutas da Fala<\/b><\/span><\/span><span style=\"font-family: Arial, sans-serif;\"><span lang=\"pt-PT\"><b> (M\/F)<\/b><\/span><\/span><span style=\"font-family: Arial, sans-serif;\"><span lang=\"pt-PT\"> para o exerc\u00edcio de fun\u00e7\u00f5es no Agrupamento de Escolas da Bemposta.<\/span><\/span><\/p>\n<p lang=\"en-US\" align=\"justify\"><a href=\"https:\/\/localhost\/wordpress\/wp-content\/uploads\/2022\/10\/Aviso_Concurso-Te\u0301cnico-Especializado-Terapeutada_Fala_22_23_18horas-1.pdf\" class=\"pdfemb-viewer\" style=\"\" data-width=\"max\" data-height=\"max\" data-toolbar=\"bottom\" data-toolbar-fixed=\"on\">Aviso_Concurso Te\u0301cnico Especializado - Terapeutada_Fala_22_23_18horas (1)<\/a><\/p>\n","protected":false},"excerpt":{"rendered":"<p>Aviso de Abertura Concurso para contrata\u00e7\u00e3o de Terapeutas da Fala (M\/F) para o exerc\u00edcio de fun\u00e7\u00f5es no Agrupamento de Escolas da Bemposta.<\/p>\n","protected":false},"author":3,"featured_media":0,"comment_status":"closed","ping_status":"open","sticky":false,"template":"","format":"standard","meta":{"inline_featured_image":false,"_uag_custom_page_level_css":"","footnotes":""},"categories":[11],"tags":[],"class_list":["post-3164","post","type-post","status-publish","format-standard","hentry","category-tecnicos-especializados"],"uagb_featured_image_src":{"full":false,"thumbnail":false,"medium":false,"medium_large":false,"large":false,"1536x1536":false,"2048x2048":false},"uagb_author_info":{"display_name":"Agrupamento de Escolas da Bemposta","author_link":"https:\/\/aebemposta.com\/?author=3"},"uagb_comment_info":0,"uagb_excerpt":"Aviso de Abertura Concurso para contrata\u00e7\u00e3o de Terapeutas da Fala (M\/F) para o exerc\u00edcio de fun\u00e7\u00f5es no Agrupamento de Escolas da Bemposta.","_links":{"self":[{"href":"https:\/\/aebemposta.com\/index.php?rest_route=\/wp\/v2\/posts\/3164","targetHints":{"allow":["GET"]}}],"collection":[{"href":"https:\/\/aebemposta.com\/index.php?rest_route=\/wp\/v2\/posts"}],"about":[{"href":"https:\/\/aebemposta.com\/index.php?rest_route=\/wp\/v2\/types\/post"}],"author":[{"embeddable":true,"href":"https:\/\/aebemposta.com\/index.php?rest_route=\/wp\/v2\/users\/3"}],"replies":[{"embeddable":true,"href":"https:\/\/aebemposta.com\/index.php?rest_route=%2Fwp%2Fv2%2Fcomments&post=3164"}],"version-history":[{"count":1,"href":"https:\/\/aebemposta.com\/index.php?rest_route=\/wp\/v2\/posts\/3164\/revisions"}],"predecessor-version":[{"id":3832,"href":"https:\/\/aebemposta.com\/index.php?rest_route=\/wp\/v2\/posts\/3164\/revisions\/3832"}],"wp:attachment":[{"href":"https:\/\/aebemposta.com\/index.php?rest_route=%2Fwp%2Fv2%2Fmedia&parent=3164"}],"wp:term":[{"taxonomy":"category","embeddable":true,"href":"https:\/\/aebemposta.com\/index.php?rest_route=%2Fwp%2Fv2%2Fcategories&post=3164"},{"taxonomy":"post_tag","embeddable":true,"href":"https:\/\/aebemposta.com\/index.php?rest_route=%2Fwp%2Fv2%2Ftags&post=3164"}],"curies":[{"name":"wp","href":"https:\/\/api.w.org\/{rel}","templated":true}]}}