{"id":3112,"date":"2022-09-13T09:33:08","date_gmt":"2022-09-13T09:33:08","guid":{"rendered":"https:\/\/aebemposta.com\/?p=3112"},"modified":"2023-04-05T10:14:38","modified_gmt":"2023-04-05T10:14:38","slug":"rececao-a-alunos-e-encarregados-de-educacao-pre-escolar-e-1o-ciclo","status":"publish","type":"post","link":"https:\/\/aebemposta.com\/?p=3112","title":{"rendered":"Rece\u00e7\u00e3o a alunos e Encarregados de Educa\u00e7\u00e3o &#8211; Pr\u00e9-Escolar e 1\u00ba Ciclo"},"content":{"rendered":"<h1 style=\"text-align: center;\"><span style=\"color: #0000ff;\"><strong>Agrupamento de Escolas da Bemposta<\/strong><\/span><\/h1>\n<h3 style=\"text-align: center;\"><span style=\"color: #008000;\">Rece\u00e7\u00e3o a alunos e Encarregados de Educa\u00e7\u00e3o<\/span><\/h3>\n<p>&nbsp;<\/p>\n<a href=\"https:\/\/localhost\/wordpress\/wp-content\/uploads\/2022\/09\/Rececao-aos-alunos-e-E-Educacao-2022_Pre_1o-Ciclo-1.pdf\" class=\"pdfemb-viewer\" style=\"\" data-width=\"max\" data-height=\"max\" data-toolbar=\"bottom\" data-toolbar-fixed=\"on\">Rece\u00e7\u00e3o aos alunos e E Educa\u00e7\u00e3o 2022_Pr\u00e9_1\u00ba Ciclo<\/a>\n","protected":false},"excerpt":{"rendered":"<p>Agrupamento de Escolas da Bemposta Rece\u00e7\u00e3o a alunos e Encarregados de Educa\u00e7\u00e3o &nbsp;<\/p>\n","protected":false},"author":3,"featured_media":0,"comment_status":"closed","ping_status":"open","sticky":false,"template":"","format":"standard","meta":{"inline_featured_image":false,"_uag_custom_page_level_css":"","footnotes":""},"categories":[21],"tags":[],"class_list":["post-3112","post","type-post","status-publish","format-standard","hentry","category-informacoes"],"uagb_featured_image_src":{"full":false,"thumbnail":false,"medium":false,"medium_large":false,"large":false,"1536x1536":false,"2048x2048":false},"uagb_author_info":{"display_name":"Agrupamento de Escolas da Bemposta","author_link":"https:\/\/aebemposta.com\/?author=3"},"uagb_comment_info":0,"uagb_excerpt":"Agrupamento de Escolas da Bemposta Rece\u00e7\u00e3o a alunos e Encarregados de Educa\u00e7\u00e3o &nbsp;","_links":{"self":[{"href":"https:\/\/aebemposta.com\/index.php?rest_route=\/wp\/v2\/posts\/3112","targetHints":{"allow":["GET"]}}],"collection":[{"href":"https:\/\/aebemposta.com\/index.php?rest_route=\/wp\/v2\/posts"}],"about":[{"href":"https:\/\/aebemposta.com\/index.php?rest_route=\/wp\/v2\/types\/post"}],"author":[{"embeddable":true,"href":"https:\/\/aebemposta.com\/index.php?rest_route=\/wp\/v2\/users\/3"}],"replies":[{"embeddable":true,"href":"https:\/\/aebemposta.com\/index.php?rest_route=%2Fwp%2Fv2%2Fcomments&post=3112"}],"version-history":[{"count":1,"href":"https:\/\/aebemposta.com\/index.php?rest_route=\/wp\/v2\/posts\/3112\/revisions"}],"predecessor-version":[{"id":3840,"href":"https:\/\/aebemposta.com\/index.php?rest_route=\/wp\/v2\/posts\/3112\/revisions\/3840"}],"wp:attachment":[{"href":"https:\/\/aebemposta.com\/index.php?rest_route=%2Fwp%2Fv2%2Fmedia&parent=3112"}],"wp:term":[{"taxonomy":"category","embeddable":true,"href":"https:\/\/aebemposta.com\/index.php?rest_route=%2Fwp%2Fv2%2Fcategories&post=3112"},{"taxonomy":"post_tag","embeddable":true,"href":"https:\/\/aebemposta.com\/index.php?rest_route=%2Fwp%2Fv2%2Ftags&post=3112"}],"curies":[{"name":"wp","href":"https:\/\/api.w.org\/{rel}","templated":true}]}}